[{"@context":"https:\/\/schema.org\/","@type":"Article","@id":"https:\/\/www.sleipnir.cz\/alzheimer-neni-jen-o-ztrate-pameti\/#Article","mainEntityOfPage":"https:\/\/www.sleipnir.cz\/alzheimer-neni-jen-o-ztrate-pameti\/","headline":"Alzheimer nen\u00ed jen o ztr\u00e1t\u011b pam\u011bti","name":"Alzheimer nen\u00ed jen o ztr\u00e1t\u011b pam\u011bti","description":"Je\u0161t\u011b p\u0159ed p\u00e1r lety se jednalo o typickou chorobu, kter\u00e1 postihuje v\u00fdhradn\u011b lidi ve star\u0161\u00edm v\u011bku. Av\u0161ak posledn\u00ed roky je a\u017e alarmuj\u00edc\u00ed v\u00fdskyt onemocn\u011bn\u00ed mezi mlad\u0161\u00edmi ro\u010dn\u00edky. Dle odborn\u00edk\u016f jsou p\u0159\u00ed\u010dinou nejen geny, ale zejm\u00e9na stres, p\u0159et\u011b\u017eov\u00e1n\u00ed lidsk\u00e9ho organismu apod. Onemocn\u011bn\u00ed, kter\u00e9 zp\u016fsobuje ireverzibiln\u00ed zm\u011bny v mozkov\u00fdch bu\u0148k\u00e1ch a rovn\u011b\u017e i \u00fabytek mozkov\u00e9 hmoty. I [&hellip;]","datePublished":"2018-05-20","dateModified":"2023-05-31","author":{"@type":"Person","@id":"https:\/\/www.sleipnir.cz\/author\/devene\/#Person","name":"devene","url":"https:\/\/www.sleipnir.cz\/author\/devene\/","identifier":1,"image":{"@type":"ImageObject","@id":"https:\/\/secure.gravatar.com\/avatar\/91b1fc57487c55a66a7777af0dd690bf69c571b4a9b15cda0db8854a78b7888c?s=96&d=mm&r=g","url":"https:\/\/secure.gravatar.com\/avatar\/91b1fc57487c55a66a7777af0dd690bf69c571b4a9b15cda0db8854a78b7888c?s=96&d=mm&r=g","height":96,"width":96}},"publisher":{"@type":"Organization","name":"sleipnir.cz","logo":{"@type":"ImageObject","@id":"\/logo.png","url":"\/logo.png","width":600,"height":60}},"image":{"@type":"ImageObject","@id":"https:\/\/www.sleipnir.cz\/wp-content\/uploads\/img_a316792_w2173_t1527683023.jpg","url":"https:\/\/www.sleipnir.cz\/wp-content\/uploads\/img_a316792_w2173_t1527683023.jpg","height":0,"width":0},"url":"https:\/\/www.sleipnir.cz\/alzheimer-neni-jen-o-ztrate-pameti\/","about":["Produkty"],"wordCount":421,"articleBody":"       Je\u0161t\u011b p\u0159ed p\u00e1r lety se jednalo o typickou chorobu, kter\u00e1 postihuje v\u00fdhradn\u011b lidi ve star\u0161\u00edm v\u011bku. Av\u0161ak posledn\u00ed roky je a\u017e alarmuj\u00edc\u00ed v\u00fdskyt onemocn\u011bn\u00ed mezi mlad\u0161\u00edmi ro\u010dn\u00edky. Dle odborn\u00edk\u016f jsou p\u0159\u00ed\u010dinou nejen geny, ale zejm\u00e9na stres, p\u0159et\u011b\u017eov\u00e1n\u00ed lidsk\u00e9ho organismu apod.  Onemocn\u011bn\u00ed, kter\u00e9 zp\u016fsobuje ireverzibiln\u00ed zm\u011bny v mozkov\u00fdch bu\u0148k\u00e1ch a rovn\u011b\u017e i \u00fabytek mozkov\u00e9 hmoty. I kdy\u017e doposud nejsou zn\u00e1my p\u0159\u00ed\u010diny t\u00e9to choroby, hovo\u0159\u00ed se zejm\u00e9na o faktorech, kter\u00e9 maj\u00ed vliv na zv\u00fd\u0161en\u00ed rizika a onemocn\u011bn\u00ed. Krom\u011b d\u011bdi\u010dnosti, to m\u016f\u017ee b\u00fdt i nezdrav\u00fd \u017eivotn\u00ed styl, zejm\u00e9na n\u00e1vyky v podob\u011b vy\u0161\u0161\u00ed konzumace alkoholu nebo kou\u0159en\u00ed, stejn\u011b tak i \u00fadery do hlavy, ot\u0159esy mozku.  Varovn\u00e9 sign\u00e1ly  Nemoc zvan\u00e1 Alzheimer, kter\u00e1 se vyzna\u010duje t\u00edm, \u017ee se vkr\u00e1d\u00e1 pozvolna. Mnohdy tak jsou prvn\u00ed p\u0159\u00edznaky opomenuty a doch\u00e1z\u00ed k l\u00e9\u010db\u011b ji\u017e v pokro\u010dilej\u0161\u00edm stadiu. Rozpozn\u00e1n\u00ed prvotn\u00edch zn\u00e1mek choroby je velmi z\u00e1sadn\u00ed, pro zah\u00e1jen\u00ed l\u00e9\u010dby, kdy tak m\u016f\u017ee v r\u00e1mci mo\u017enosti doj\u00edt k regulaci a k potla\u010den\u00ed progresivity. Mezi z\u00e1kladn\u00ed symptony n\u00e1le\u017e\u00ed zm\u011bny v chov\u00e1n\u00ed, zapom\u00edn\u00e1n\u00ed, dezorientace \u010dasem i m\u00edstem, poruchy v komunikaci, v\u00fdpadky pam\u011bti, prudk\u00e9 zm\u011bny n\u00e1lady, halucinace apod. L\u00e9\u010dba medikamenty I kdy\u017e se jedn\u00e1 o nevyl\u00e9\u010ditelnou nemoc, lze p\u0159i odhalen\u00ed v ran\u00e9m stadiu \u0159e\u0161it prost\u0159ednictv\u00edm l\u00e9k\u016f. Z tohoto d\u016fvodu je v\u010dasn\u00e1 l\u00e9\u010dba velmi z\u00e1sadn\u00edm krokem. Onemocn\u011bn\u00ed su\u017euje p\u0159edev\u0161\u00edm samoz\u0159ejm\u011b samotn\u00e9ho jedince, ale m\u00e1 vliv i na rodinu a okol\u00ed. Mezi hlavn\u00ed l\u00e9ky n\u00e1le\u017e\u00ed kognitiva, kter\u00e1 tak v po\u010d\u00e1te\u010dn\u00ed f\u00e1zi onemocn\u011bn\u00ed m\u00e1 vliv na zlep\u0161en\u00ed kognitivn\u00ed funkce, tj. my\u0161len\u00ed i orientaci. L\u00e9ky se v\u0161ak pou\u017e\u00edvaj\u00ed jen v ran\u00e9m \u010di maxim\u00e1ln\u011b ve st\u0159edn\u011b pokro\u010dil\u00e9m stadiu. D\u00e1le jsou vyu\u017eity l\u00e9ky maj\u00edc\u00ed vliv na zm\u00edrn\u011bn\u00ed deprese, pro odstran\u011bn\u00ed neklidu apod. Jedn\u00e1 se o velmi z\u00e1va\u017een\u00e9 onemocn\u011bn\u00ed. Jedinec, kter\u00fd se pot\u00fdk\u00e1 s chorobou zvanou Alzheimer, pot\u0159ebuje zv\u00fd\u0161enou pomoc. Nelze ovlivnit a zamezit propuknut\u00ed choroby, ale lze pomoci zdrav\u00fdm \u017eivotn\u00edm stylem, fyzickou aktivitou a cvi\u010den\u00edm pam\u011bti.                                                                                                                                                                                                                                                                                                                                                                                           4.4\/5 - (5 votes)        "},{"@context":"https:\/\/schema.org\/","@type":"BreadcrumbList","itemListElement":[{"@type":"ListItem","position":1,"name":"Alzheimer nen\u00ed jen o ztr\u00e1t\u011b pam\u011bti","item":"https:\/\/www.sleipnir.cz\/alzheimer-neni-jen-o-ztrate-pameti\/#breadcrumbitem"}]}]