[{"@context":"https:\/\/schema.org\/","@type":"Article","@id":"https:\/\/www.sleipnir.cz\/dane-a-tak-dal\/#Article","mainEntityOfPage":"https:\/\/www.sleipnir.cz\/dane-a-tak-dal\/","headline":"Dan\u011b a tak d\u00e1l","name":"Dan\u011b a tak d\u00e1l","description":"Rozhodneme-li se pro podnik\u00e1n\u00ed, rozhodneme-li se pro to,\u017ee budeme p\u00e1ny sv\u00e9ho \u010dasu, \u017ee n\u00e1\u0161 v\u00fdd\u011blek bude z\u00e1le\u017eet p\u0159edev\u0161\u00edm na na\u0161\u00ed \u0161ikovnosti a \u0161t\u011bst\u00ed, je to krok do nezn\u00e1ma. P\u0159ijm\u011bme proto pomocnou ruku od t\u011bch, kdo se mohou, alespo\u0148 v \u010d\u00e1sti podnikatelsk\u00e9 d\u017eungle, st\u00e1t na\u0161imi pr\u016fvodci, kdo n\u00e1m mohou alespo\u0148 v \u010d\u00e1sti t\u00e9to d\u017eungle p\u0159ipravit pevnou [&hellip;]","datePublished":"2023-06-22","dateModified":"2024-06-24","author":{"@type":"Person","@id":"https:\/\/www.sleipnir.cz\/author\/devene\/#Person","name":"devene","url":"https:\/\/www.sleipnir.cz\/author\/devene\/","identifier":1,"image":{"@type":"ImageObject","@id":"https:\/\/secure.gravatar.com\/avatar\/91b1fc57487c55a66a7777af0dd690bf69c571b4a9b15cda0db8854a78b7888c?s=96&d=mm&r=g","url":"https:\/\/secure.gravatar.com\/avatar\/91b1fc57487c55a66a7777af0dd690bf69c571b4a9b15cda0db8854a78b7888c?s=96&d=mm&r=g","height":96,"width":96}},"publisher":{"@type":"Organization","name":"sleipnir.cz","logo":{"@type":"ImageObject","@id":"\/logo.png","url":"\/logo.png","width":600,"height":60}},"url":"https:\/\/www.sleipnir.cz\/dane-a-tak-dal\/","wordCount":248,"articleBody":"Rozhodneme-li se pro podnik\u00e1n\u00ed, rozhodneme-li se pro to,\u017ee budeme p\u00e1ny sv\u00e9ho \u010dasu, \u017ee n\u00e1\u0161 v\u00fdd\u011blek bude z\u00e1le\u017eet p\u0159edev\u0161\u00edm na na\u0161\u00ed \u0161ikovnosti a \u0161t\u011bst\u00ed, je to krok do nezn\u00e1ma. P\u0159ijm\u011bme proto pomocnou ruku od t\u011bch, kdo se mohou, alespo\u0148 v \u010d\u00e1sti podnikatelsk\u00e9 d\u017eungle, st\u00e1t na\u0161imi pr\u016fvodci, kdo n\u00e1m mohou alespo\u0148 v \u010d\u00e1sti t\u00e9to d\u017eungle p\u0159ipravit pevnou p\u016fdu pod nohama. Hovo\u0159\u00edme o veden\u00ed \u00fa\u010detnictv\u00ed Praha, o dan\u00edch, o financ\u00edch. Vyu\u017eijme slu\u017eeb n\u011bkter\u00e9 z odborn\u00fdch firem, jen tak si m\u016f\u017eete b\u00fdt jisti, \u017ee m\u00e1te v\u0161e v naprost\u00e9m po\u0159\u00e1dku.\tZa\u0159\u00edd\u00edme za V\u00e1sPokud p\u0159ece jen budete uva\u017eovat o tom, \u017ee to zvl\u00e1dnete sami, nejsp\u00ed\u0161 asi velice z\u00e1hy zjist\u00edte, \u017ee je to rozv\u011btven\u011bj\u0161\u00ed pavouk, ne\u017e jste asi tu\u0161ili. U ka\u017ed\u00e9 dan\u011b je nespo\u010det drobn\u00fdch ale, je t\u0159eba d\u00e1t na ka\u017ed\u00e9 z nich dobr\u00fd pozor. A jak\u00e9 m\u00e1me vlastn\u011b dan\u011b? Nap\u0159\u00edklad da\u0148 z p\u0159\u00edjm\u016f, da\u0148 silni\u010dn\u00ed, da\u0148 z nemovitosti, da\u0148 darovac\u00ed, d\u011bdickou \u010di z p\u0159evodu nemovitosti. V\u00edte, kter\u00e9 z nich m\u00e1te platit zrovna Vy? V\u00edte, v jak\u00e9 v\u00fd\u0161i? V\u00edte, na jak\u00fd \u00fa\u010det? Nech\u00e1te-li tyto starosti na n\u00e1s, v\u0161e V\u00e1m precizn\u011b p\u0159iprav\u00edme.                                                                                                                                                                                                                                                                                                                                                                                        4.2\/5 - (9 votes)        "},{"@context":"https:\/\/schema.org\/","@type":"BreadcrumbList","itemListElement":[{"@type":"ListItem","position":1,"name":"Dan\u011b a tak d\u00e1l","item":"https:\/\/www.sleipnir.cz\/dane-a-tak-dal\/#breadcrumbitem"}]}]