[{"@context":"https:\/\/schema.org\/","@type":"Article","@id":"https:\/\/www.sleipnir.cz\/oslavte-to-ve-velkem\/#Article","mainEntityOfPage":"https:\/\/www.sleipnir.cz\/oslavte-to-ve-velkem\/","headline":"Oslavte to ve velk\u00e9m","name":"Oslavte to ve velk\u00e9m","description":"Svatba nen\u00ed jenom tak ledajak\u00e1 ud\u00e1lost. Je to velk\u00e1 spole\u010densk\u00e1 akce, na kter\u00e9 se jednak sejde cel\u00e9 p\u0159\u00edbuzenstvo, tedy pokud pl\u00e1nujete takovou tu klasickou, kdy si \u0159eknete, \u017ee tam moc lid\u00ed nebude a pak stejn\u011b m\u00e1te pln\u00e9 stoly, kter\u00e9 se proh\u00fdbaj\u00ed, a aspo\u0148 \u0161edes\u00e1t lid\u00ed hoduje u va\u0161eho stolu. Tito lid\u00e9, kte\u0159\u00ed p\u0159ijdou velice r\u00e1di [&hellip;]","datePublished":"2024-02-02","dateModified":"2024-02-02","author":{"@type":"Person","@id":"https:\/\/www.sleipnir.cz\/author\/devene\/#Person","name":"devene","url":"https:\/\/www.sleipnir.cz\/author\/devene\/","identifier":1,"image":{"@type":"ImageObject","@id":"https:\/\/secure.gravatar.com\/avatar\/91b1fc57487c55a66a7777af0dd690bf69c571b4a9b15cda0db8854a78b7888c?s=96&d=mm&r=g","url":"https:\/\/secure.gravatar.com\/avatar\/91b1fc57487c55a66a7777af0dd690bf69c571b4a9b15cda0db8854a78b7888c?s=96&d=mm&r=g","height":96,"width":96}},"publisher":{"@type":"Organization","name":"sleipnir.cz","logo":{"@type":"ImageObject","@id":"\/logo.png","url":"\/logo.png","width":600,"height":60}},"url":"https:\/\/www.sleipnir.cz\/oslavte-to-ve-velkem\/","wordCount":256,"articleBody":"\tSvatba nen\u00ed jenom tak ledajak\u00e1 ud\u00e1lost. Je to velk\u00e1 spole\u010densk\u00e1 akce, na kter\u00e9 se jednak sejde cel\u00e9 p\u0159\u00edbuzenstvo, tedy pokud pl\u00e1nujete takovou tu klasickou, kdy si \u0159eknete, \u017ee tam moc lid\u00ed nebude a pak stejn\u011b m\u00e1te pln\u00e9 stoly, kter\u00e9 se proh\u00fdbaj\u00ed, a aspo\u0148 \u0161edes\u00e1t lid\u00ed hoduje u va\u0161eho stolu. Tito lid\u00e9, kte\u0159\u00ed p\u0159ijdou velice r\u00e1di a s\u00a0o\u010dek\u00e1v\u00e1n\u00edm na v\u00e1\u0161 vysn\u011bn\u00fd den a pod\u00edvat se na tuto ud\u00e1lost. Kr\u00e1sn\u00e9 okam\u017eiky jist\u011b budete pro\u017e\u00edvat cel\u00fd den, ale n\u011bkte\u0159\u00ed z\u00a0n\u00e1s opravdu pl\u00e1nuj\u00ed malou svatbu, tak\u017ee jenom n\u011bco zcela decentn\u00edho. Od toho odpov\u00eddaj\u00ed i snubn\u00ed prsteny, kter\u00e9 jsou klasick\u00e9 a sta\u010d\u00ed jenom ob\u011bd a oslava a\u017e do r\u00e1na v\u00a0mal\u00e9m stylu, tedy jenom p\u00e1r lid\u00ed. Jenom\u017ee pro\u010d to neoslavit opravdu ve velk\u00e9m stylu?\tDop\u0159ejte si to nejlep\u0161\u00edKa\u017ed\u00fd si p\u0159eci jen tento den n\u011bjak\u00fdm zp\u016fsobem p\u0159edstavuje. Nem\u011bli bychom podce\u0148ovat s\u00edlu tohoto okam\u017eiku, kter\u00fd m\u016f\u017ee b\u00fdt jedin\u00fd v\u00a0na\u0161em \u017eivot\u011b, kter\u00fd takto doopravdy pro\u017eijeme. Spout\u00e1 v\u00e1s to s\u00a0partnerem na cel\u00fd \u017eivot, tedy pokud se v\u0161echno poda\u0159\u00ed, tak\u017ee si dop\u0159ejte to nejlep\u0161\u00ed, co m\u016f\u017eete, proto\u017ee u\u017e to nikdy nemus\u00edte za\u017e\u00edt. Nemus\u00edte to ani p\u0159eh\u00e1n\u011bt, ale ur\u010dit\u011b pozv\u011bte v\u0161echny, na kter\u00e9 ob\u010das mysl\u00edte.\u00a0                                                                                                                                                                                                                                                                                                                                                                                        4.4\/5 - (13 votes)        "},{"@context":"https:\/\/schema.org\/","@type":"BreadcrumbList","itemListElement":[{"@type":"ListItem","position":1,"name":"Oslavte to ve velk\u00e9m","item":"https:\/\/www.sleipnir.cz\/oslavte-to-ve-velkem\/#breadcrumbitem"}]}]