[{"@context":"https:\/\/schema.org\/","@type":"Article","@id":"https:\/\/www.sleipnir.cz\/zbozne-prani-pro-nasi-krajinu\/#Article","mainEntityOfPage":"https:\/\/www.sleipnir.cz\/zbozne-prani-pro-nasi-krajinu\/","headline":"Zbo\u017en\u00e9 p\u0159\u00e1n\u00ed pro na\u0161i krajinu","name":"Zbo\u017en\u00e9 p\u0159\u00e1n\u00ed pro na\u0161i krajinu","description":"Kone\u010dn\u011b se (a\u017e koncem minul\u00e9ho roku 2018) na\u0161i politici za\u010dali v\u00e1\u017en\u011b zaob\u00edrat novelizac\u00ed lesn\u00edho z\u00e1kona, kter\u00e1 by m\u011bla nejenom z\u00e1sadn\u011b \u0159e\u0161it kalamitn\u00ed situaci k\u016frovce v\u00a0na\u0161ich les\u00edch, ale mohla by b\u00fdt pro n\u00e1s v\u0161echny p\u0159\u00ednosem. Snad to bude brzo. Je tosamoz\u0159ejm\u011b o financ\u00edch, ale i kdy\u017e na\u0161e lesn\u00ed hospod\u00e1\u0159stv\u00ed v\u00ed (Lesy \u010cR, kter\u00e9 vlastn\u00ed p\u0159ibli\u017en\u011b 50% [&hellip;]","datePublished":"2023-05-31","dateModified":"2023-05-31","author":{"@type":"Person","@id":"https:\/\/www.sleipnir.cz\/author\/devene\/#Person","name":"devene","url":"https:\/\/www.sleipnir.cz\/author\/devene\/","identifier":1,"image":{"@type":"ImageObject","@id":"https:\/\/secure.gravatar.com\/avatar\/91b1fc57487c55a66a7777af0dd690bf69c571b4a9b15cda0db8854a78b7888c?s=96&d=mm&r=g","url":"https:\/\/secure.gravatar.com\/avatar\/91b1fc57487c55a66a7777af0dd690bf69c571b4a9b15cda0db8854a78b7888c?s=96&d=mm&r=g","height":96,"width":96}},"publisher":{"@type":"Organization","name":"sleipnir.cz","logo":{"@type":"ImageObject","@id":"\/logo.png","url":"\/logo.png","width":600,"height":60}},"image":{"@type":"ImageObject","@id":"https:\/\/www.sleipnir.cz\/wp-content\/uploads\/img_a334747_w2729_t1548313691.jpg","url":"https:\/\/www.sleipnir.cz\/wp-content\/uploads\/img_a334747_w2729_t1548313691.jpg","height":0,"width":0},"url":"https:\/\/www.sleipnir.cz\/zbozne-prani-pro-nasi-krajinu\/","wordCount":480,"articleBody":"Kone\u010dn\u011b se (a\u017e koncem minul\u00e9ho roku 2018) na\u0161i politici za\u010dali v\u00e1\u017en\u011b zaob\u00edrat novelizac\u00ed lesn\u00edho z\u00e1kona, kter\u00e1 by m\u011bla nejenom z\u00e1sadn\u011b \u0159e\u0161it kalamitn\u00ed situaci k\u016frovce v\u00a0na\u0161ich les\u00edch, ale mohla by b\u00fdt pro n\u00e1s v\u0161echny p\u0159\u00ednosem. Snad to bude brzo.Je tosamoz\u0159ejm\u011b o financ\u00edch, ale i kdy\u017e na\u0161e lesn\u00ed hospod\u00e1\u0159stv\u00ed v\u00ed (Lesy \u010cR, kter\u00e9 vlastn\u00ed p\u0159ibli\u017en\u011b 50% v\u0161ech lesn\u00edch porost\u016f v\u00a0zemi), \u017ee budou kv\u016fli velk\u00fdm n\u00e1klad\u016fm na likvidaci, t\u011b\u017ebu k\u016frovcov\u00e9ho d\u0159eva a n\u00e1sledn\u00e9 v\u00fdsadb\u011b nov\u00fdch stromk\u016fv\u00a0m\u00ednusu. Pro ozdraven\u00ed na\u0161ich les\u016f to za tu ztr\u00e1tu ur\u010dit\u011b stoj\u00ed. Ale je to ur\u010dit\u011b chyba st\u00e1tu, \u017ee se na tuto kalamitu reaguje velmi, velmi opo\u017ed\u011bn\u011b, a aby to bylo v\u00a0po\u0159\u00e1dku, tak by m\u011bl zase st\u00e1t finan\u010dn\u011b pomoci a na\u0161e Lesy \u010cR by m\u011bly skute\u010dn\u011b za\u010d\u00edt efektivn\u011b hospoda\u0159it.Nejlep\u0161\u00ed varianta zpracov\u00e1n\u00ed t\u00e9to d\u0159evn\u00e9 suroviny, je samoz\u0159ejm\u011b ji zpracovat zde, v\u00a0tuzemsku. A pokud projdou n\u00e1vrhy na ni\u017e\u0161\u00ed DPH o 5% pro\u00b7\u00a0\u00a0\u00a0\u00a0\u00a0\u00a0\u00a0\u00a0 palivov\u00e9 d\u0159evo\u00b7\u00a0\u00a0\u00a0\u00a0\u00a0\u00a0\u00a0\u00a0 stavebn\u00ed d\u0159evo\u00b7\u00a0\u00a0\u00a0\u00a0\u00a0\u00a0\u00a0\u00a0 d\u0159ev\u011bn\u00e9 brikety\u00b7\u00a0\u00a0\u00a0\u00a0\u00a0\u00a0\u00a0\u00a0 d\u0159ev\u011bn\u00e9 palety\u00a0\u00a0\u00a0\u00a0\u00a0\u00a0\u00a0\u00a0\u00a0\u00a0\u00a0\u00a0\u00a0\u00a0\u00a0\u00a0\u00a0\u00a0\u00a0\u00a0\u00a0\u00a0\u00a0\u00a0\u00a0\u00a0\u00a0\u00a0\u00a0\u00a0\u00a0\u00a0 tak to bude m\u00edt p\u0159\u00ednos i pro oby\u010dejn\u00e9 spot\u0159ebitele.\u00a0Na\u0161e firmy, u\u017e maj\u00ed z\u00a0tohoto d\u0159eva nadm\u011brn\u00e9 z\u00e1soby. Snad. Tak\u017ee, pokud v\u00fdvoz \u00a0k\u016frovcov\u00e9ho d\u0159eva bude cenov\u011b v\u00fdhodn\u00fd, tak to tro\u0161ku zalep\u00ed Les\u016fm \u010cR ztr\u00e1tu.Co by mohlo prosp\u011bt ohledn\u011b d\u0159eva na\u0161\u00ed ekonomice?\u00a0 Mo\u017en\u00e1 by se na\u0161e d\u0159eva\u0159sk\u00e9 a stavebn\u00ed firmy mohli v\u00e1\u017en\u011b zaj\u00edmat o v\u00fdrobu takzvan\u00e9ho superd\u0159eva \u2013 materi\u00e1lu pro budoucnost. O v\u00fdrob\u011b tohoto nov\u00e9ho d\u0159ev\u011bn\u00e9ho materi\u00e1lu, kter\u00fd je odoln\u011bj\u0161\u00ed v\u00edc ne\u017e ocel, se psalo v\u00a0n\u011bkter\u00fdch \u010dasopisech v\u00a0zahrani\u010d\u00ed i u n\u00e1s. Je to vyn\u00e1lez americk\u00fdch v\u011bdc\u016f a v\u00fdroba je podle nich celkem jednoduch\u00e1. Technologie v\u00fdroby tohoto \u201esuperd\u0159eva\u201c je zalo\u017eena pouze na \u010d\u00e1ste\u010dn\u00e9m odstran\u011bn\u00ed lignitu (kter\u00fd spojuje bun\u011b\u010dn\u00e9 st\u011bny), n\u00e1sledn\u00e9 pova\u0159en\u00ed na 65\u00b0C v\u00a0roztoku (voda + hydroxid sodn\u00fd + si\u0159i\u010ditan sodn\u00fd) a okam\u017eit\u011b toto hork\u00e9 d\u0159evo se stla\u010duje. V\u00fdhoda:m\u011bkk\u00e9 d\u0159evo zpracovan\u00e9 touto technologi\u00ed je: lehkost, pevn\u011bj\u0161\u00ed ne\u017e ocel, d\u00e1 se oh\u00fdbat a tvarovat. A tak je mo\u017en\u00e9 toto \u201esuperd\u0159evo\u201c vyu\u017e\u00edt v\u0161ude. Ve stavebn\u00edm a\u00a0n\u00e1bytk\u00e1\u0159sk\u00e9m pr\u016fmyslu. Co je t\u00e9\u017e d\u016fle\u017eit\u00e9\u00a0 &#8211; \u00a0v\u00fdroba je levn\u00e1.Zamyslet se, zjistit v\u0161echny mo\u017enosti a pustit se do realizace \u2013 to by mohlo b\u00fdt velmi zaj\u00edmav\u00e9.                                                                                                                                                                                                                                                                                                                                                                                        3.4\/5 - (8 votes)        "},{"@context":"https:\/\/schema.org\/","@type":"BreadcrumbList","itemListElement":[{"@type":"ListItem","position":1,"name":"Zbo\u017en\u00e9 p\u0159\u00e1n\u00ed pro na\u0161i krajinu","item":"https:\/\/www.sleipnir.cz\/zbozne-prani-pro-nasi-krajinu\/#breadcrumbitem"}]}]